{"id":563,"date":"2024-05-15T20:10:22","date_gmt":"2024-05-15T20:10:22","guid":{"rendered":"https:\/\/qrealo.cl\/cambridge\/index.php\/2024\/05\/15\/lo-que-opino-sobre-el-cambio-climatico\/"},"modified":"2024-05-15T20:10:22","modified_gmt":"2024-05-15T20:10:22","slug":"lo-que-opino-sobre-el-cambio-climatico","status":"publish","type":"blog","link":"https:\/\/cambridge.edu.co\/es\/blog\/lo-que-opino-sobre-el-cambio-climatico\/","title":{"rendered":"\u00a1Lo que opino sobre el cambio clim\u00e1tico!"},"content":{"rendered":"<p><span id=\"hs_cos_wrapper_post_body\" class=\"hs_cos_wrapper hs_cos_wrapper_meta_field hs_cos_wrapper_type_rich_text\" data-hs-cos-general-type=\"meta_field\" data-hs-cos-type=\"rich_text\"><\/p>\n<p><em>Este fen\u00f3meno est\u00e1 generando muchos desastres en el mundo, sobre todo en los \u00faltimos d\u00edas.<\/em><\/p>\n<p> <!--more--><\/p>\n<p>Seguramente es la primera vez en nuestra vida en la que se observan tantos incendios en la naturaleza, algunos simult\u00e1neos.<\/p>\n<p>Australia est\u00e1 siendo azotada por diversos desastres naturales, todo esto empez\u00f3 en octubre de 2019, con una cat\u00e1strofe natural sin precedentes, donde miles de especies murieron a causa de el fuego que se gener\u00f3 en los bosques.<\/p>\n<p><img decoding=\"async\" src=\"https:\/\/cambridge.edu.co\/wp-content\/uploads\/sites\/31\/2025\/01\/mundo-1.jpg\" alt=\"mundo\" width=\"600\" style=\"width: 600px;margin: 0px auto\"><\/p>\n<p>Esta cat\u00e1strofe se podr\u00eda seguir replicando en otras partes del mundo debido a que no se cuenta con pol\u00edticas de estado que regulen y apoyen la conservaci\u00f3n de los recursos naturales y sumado a la falta de conciencia del ser humano y las grandes industrias que solo se enfocan en la riqueza de unos pocos, sin compensar los da\u00f1os ambientales causados en la producci\u00f3n de las materias primas.<\/p>\n<p>Por ejemplo, en el \u00faltimo incendio en California, Estados Unidos, un caso espec\u00edfico de un b\u00faho que se lastim\u00f3 contra un \u00e1rbol en llamas adem\u00e1s de estar intoxicado por la cantidad de humo en el ambiente, es un caso demasiado triste que refleja la preocupaci\u00f3n de los ni\u00f1os y j\u00f3venes sobre el futuro de nuestro mundo.<\/p>\n<p>Adem\u00e1s, el cambio clim\u00e1tico ha generado cambios de temperatura, lo que hace que algunos sitios que ten\u00edan temperaturas de 24 a 28\u00b0 hoy est\u00e9n por encima de los 30\u00b0; y en lugares fr\u00edos las temperaturas hayan variado tambi\u00e9n. Ahora los inviernos son m\u00e1s fuertes y generan inundaciones y perdida de viviendas y vidas.<\/p>\n<p>Todas estas cat\u00e1strofes nos deben llevar a tomar conciencia y encontrar soluciones que permitan un equilibrio del ser humano en su supervivencia y los recursos naturales para garantizarla.<\/p>\n<p><img decoding=\"async\" src=\"https:\/\/cambridge.edu.co\/wp-content\/uploads\/sites\/31\/2025\/01\/Manuela-Mayorquini.jpg\" alt=\"Manuela Mayorquini\" width=\"720\" style=\"width: 720px\"><\/p>\n<p>&nbsp;<\/p>\n<p><\/span><\/p>\n","protected":false},"excerpt":{"rendered":"<p>Este fen\u00f3meno est\u00e1 generando muchos desastres en el mundo, sobre todo en los \u00faltimos d\u00edas.<\/p>\n","protected":false},"featured_media":577,"template":"","class_list":["post-563","blog","type-blog","status-publish","has-post-thumbnail","hentry"],"acf":[],"yoast_head":"<!-- This site is optimized with the Yoast SEO plugin v27.1.1 - https:\/\/yoast.com\/product\/yoast-seo-wordpress\/ -->\n<title>\u00a1Lo que opino sobre el cambio clim\u00e1tico! - New Cambridge School | Colegios Redcol<\/title>\n<meta name=\"robots\" content=\"index, follow, max-snippet:-1, max-image-preview:large, max-video-preview:-1\" \/>\n<link rel=\"canonical\" href=\"https:\/\/cambridge.edu.co\/es\/blog\/lo-que-opino-sobre-el-cambio-climatico\/\" \/>\n<meta property=\"og:locale\" content=\"es_ES\" \/>\n<meta property=\"og:type\" content=\"article\" \/>\n<meta property=\"og:title\" content=\"\u00a1Lo que opino sobre el cambio clim\u00e1tico! - New Cambridge School | Colegios Redcol\" \/>\n<meta property=\"og:description\" content=\"Este fen\u00f3meno est\u00e1 generando muchos desastres en el mundo, sobre todo en los \u00faltimos d\u00edas.\" \/>\n<meta property=\"og:url\" content=\"https:\/\/cambridge.edu.co\/es\/blog\/lo-que-opino-sobre-el-cambio-climatico\/\" \/>\n<meta property=\"og:site_name\" content=\"New Cambridge School | Colegios Redcol\" \/>\n<meta property=\"article:publisher\" content=\"https:\/\/www.facebook.com\/colegionuevocambridgefloridablanca\/\" \/>\n<meta property=\"og:image\" content=\"https:\/\/cambridge.edu.co\/wp-content\/uploads\/sites\/31\/2025\/01\/mundo-1.jpg\" \/>\n<meta name=\"twitter:card\" content=\"summary_large_image\" \/>\n<meta name=\"twitter:label1\" content=\"Tiempo de lectura\" \/>\n\t<meta name=\"twitter:data1\" content=\"1 minuto\" \/>\n<script type=\"application\/ld+json\" class=\"yoast-schema-graph\">{\"@context\":\"https:\/\/schema.org\",\"@graph\":[{\"@type\":\"WebPage\",\"@id\":\"https:\/\/cambridge.edu.co\/es\/blog\/lo-que-opino-sobre-el-cambio-climatico\/\",\"url\":\"https:\/\/cambridge.edu.co\/es\/blog\/lo-que-opino-sobre-el-cambio-climatico\/\",\"name\":\"\u00a1Lo que opino sobre el cambio clim\u00e1tico! - New Cambridge School | Colegios Redcol\",\"isPartOf\":{\"@id\":\"https:\/\/cambridge.edu.co\/es\/#website\"},\"primaryImageOfPage\":{\"@id\":\"https:\/\/cambridge.edu.co\/es\/blog\/lo-que-opino-sobre-el-cambio-climatico\/#primaryimage\"},\"image\":{\"@id\":\"https:\/\/cambridge.edu.co\/es\/blog\/lo-que-opino-sobre-el-cambio-climatico\/#primaryimage\"},\"thumbnailUrl\":\"https:\/\/cambridge.edu.co\/wp-content\/uploads\/sites\/31\/2025\/01\/mundo-Apr-25-2024-04-09-08-3753-PM.jpg\",\"datePublished\":\"2024-05-15T20:10:22+00:00\",\"breadcrumb\":{\"@id\":\"https:\/\/cambridge.edu.co\/es\/blog\/lo-que-opino-sobre-el-cambio-climatico\/#breadcrumb\"},\"inLanguage\":\"es\",\"potentialAction\":[{\"@type\":\"ReadAction\",\"target\":[\"https:\/\/cambridge.edu.co\/es\/blog\/lo-que-opino-sobre-el-cambio-climatico\/\"]}]},{\"@type\":\"ImageObject\",\"inLanguage\":\"es\",\"@id\":\"https:\/\/cambridge.edu.co\/es\/blog\/lo-que-opino-sobre-el-cambio-climatico\/#primaryimage\",\"url\":\"https:\/\/cambridge.edu.co\/wp-content\/uploads\/sites\/31\/2025\/01\/mundo-Apr-25-2024-04-09-08-3753-PM.jpg\",\"contentUrl\":\"https:\/\/cambridge.edu.co\/wp-content\/uploads\/sites\/31\/2025\/01\/mundo-Apr-25-2024-04-09-08-3753-PM.jpg\",\"width\":716,\"height\":477},{\"@type\":\"BreadcrumbList\",\"@id\":\"https:\/\/cambridge.edu.co\/es\/blog\/lo-que-opino-sobre-el-cambio-climatico\/#breadcrumb\",\"itemListElement\":[{\"@type\":\"ListItem\",\"position\":1,\"name\":\"Home\",\"item\":\"https:\/\/cambridge.edu.co\/es\/\"},{\"@type\":\"ListItem\",\"position\":2,\"name\":\"\u00a1Lo que opino sobre el cambio clim\u00e1tico!\"}]},{\"@type\":\"WebSite\",\"@id\":\"https:\/\/cambridge.edu.co\/es\/#website\",\"url\":\"https:\/\/cambridge.edu.co\/es\/\",\"name\":\"New Cambridge School | Colegios Redcol\",\"description\":\"New Cambridge School es un colegio biling\u00fce de alta excelencia acad\u00e9mica, que abre sus puertas a ni\u00f1os desde los 8 meses de edad.\",\"publisher\":{\"@id\":\"https:\/\/cambridge.edu.co\/es\/#organization\"},\"potentialAction\":[{\"@type\":\"SearchAction\",\"target\":{\"@type\":\"EntryPoint\",\"urlTemplate\":\"https:\/\/cambridge.edu.co\/es\/?s={search_term_string}\"},\"query-input\":{\"@type\":\"PropertyValueSpecification\",\"valueRequired\":true,\"valueName\":\"search_term_string\"}}],\"inLanguage\":\"es\"},{\"@type\":\"Organization\",\"@id\":\"https:\/\/cambridge.edu.co\/es\/#organization\",\"name\":\"New Cambridge School | Colegios Redcol\",\"url\":\"https:\/\/cambridge.edu.co\/es\/\",\"logo\":{\"@type\":\"ImageObject\",\"inLanguage\":\"es\",\"@id\":\"https:\/\/cambridge.edu.co\/es\/#\/schema\/logo\/image\/\",\"url\":\"https:\/\/cambridge.edu.co\/wp-content\/uploads\/sites\/31\/2024\/11\/Logo_New_Cambridge.png\",\"contentUrl\":\"https:\/\/cambridge.edu.co\/wp-content\/uploads\/sites\/31\/2024\/11\/Logo_New_Cambridge.png\",\"width\":744,\"height\":389,\"caption\":\"New Cambridge School | Colegios Redcol\"},\"image\":{\"@id\":\"https:\/\/cambridge.edu.co\/es\/#\/schema\/logo\/image\/\"},\"sameAs\":[\"https:\/\/www.facebook.com\/colegionuevocambridgefloridablanca\/\",\"https:\/\/instagram.com\/newcambridge\",\"https:\/\/www.youtube.com\/c\/newcambridgeschool\"]}]}<\/script>\n<!-- \/ Yoast SEO plugin. -->","yoast_head_json":{"title":"\u00a1Lo que opino sobre el cambio clim\u00e1tico! - New Cambridge School | Colegios Redcol","robots":{"index":"index","follow":"follow","max-snippet":"max-snippet:-1","max-image-preview":"max-image-preview:large","max-video-preview":"max-video-preview:-1"},"canonical":"https:\/\/cambridge.edu.co\/es\/blog\/lo-que-opino-sobre-el-cambio-climatico\/","og_locale":"es_ES","og_type":"article","og_title":"\u00a1Lo que opino sobre el cambio clim\u00e1tico! - New Cambridge School | Colegios Redcol","og_description":"Este fen\u00f3meno est\u00e1 generando muchos desastres en el mundo, sobre todo en los \u00faltimos d\u00edas.","og_url":"https:\/\/cambridge.edu.co\/es\/blog\/lo-que-opino-sobre-el-cambio-climatico\/","og_site_name":"New Cambridge School | Colegios Redcol","article_publisher":"https:\/\/www.facebook.com\/colegionuevocambridgefloridablanca\/","og_image":[{"url":"https:\/\/cambridge.edu.co\/wp-content\/uploads\/sites\/31\/2025\/01\/mundo-1.jpg","type":"","width":"","height":""}],"twitter_card":"summary_large_image","twitter_misc":{"Tiempo de lectura":"1 minuto"},"schema":{"@context":"https:\/\/schema.org","@graph":[{"@type":"WebPage","@id":"https:\/\/cambridge.edu.co\/es\/blog\/lo-que-opino-sobre-el-cambio-climatico\/","url":"https:\/\/cambridge.edu.co\/es\/blog\/lo-que-opino-sobre-el-cambio-climatico\/","name":"\u00a1Lo que opino sobre el cambio clim\u00e1tico! - New Cambridge School | Colegios Redcol","isPartOf":{"@id":"https:\/\/cambridge.edu.co\/es\/#website"},"primaryImageOfPage":{"@id":"https:\/\/cambridge.edu.co\/es\/blog\/lo-que-opino-sobre-el-cambio-climatico\/#primaryimage"},"image":{"@id":"https:\/\/cambridge.edu.co\/es\/blog\/lo-que-opino-sobre-el-cambio-climatico\/#primaryimage"},"thumbnailUrl":"https:\/\/cambridge.edu.co\/wp-content\/uploads\/sites\/31\/2025\/01\/mundo-Apr-25-2024-04-09-08-3753-PM.jpg","datePublished":"2024-05-15T20:10:22+00:00","breadcrumb":{"@id":"https:\/\/cambridge.edu.co\/es\/blog\/lo-que-opino-sobre-el-cambio-climatico\/#breadcrumb"},"inLanguage":"es","potentialAction":[{"@type":"ReadAction","target":["https:\/\/cambridge.edu.co\/es\/blog\/lo-que-opino-sobre-el-cambio-climatico\/"]}]},{"@type":"ImageObject","inLanguage":"es","@id":"https:\/\/cambridge.edu.co\/es\/blog\/lo-que-opino-sobre-el-cambio-climatico\/#primaryimage","url":"https:\/\/cambridge.edu.co\/wp-content\/uploads\/sites\/31\/2025\/01\/mundo-Apr-25-2024-04-09-08-3753-PM.jpg","contentUrl":"https:\/\/cambridge.edu.co\/wp-content\/uploads\/sites\/31\/2025\/01\/mundo-Apr-25-2024-04-09-08-3753-PM.jpg","width":716,"height":477},{"@type":"BreadcrumbList","@id":"https:\/\/cambridge.edu.co\/es\/blog\/lo-que-opino-sobre-el-cambio-climatico\/#breadcrumb","itemListElement":[{"@type":"ListItem","position":1,"name":"Home","item":"https:\/\/cambridge.edu.co\/es\/"},{"@type":"ListItem","position":2,"name":"\u00a1Lo que opino sobre el cambio clim\u00e1tico!"}]},{"@type":"WebSite","@id":"https:\/\/cambridge.edu.co\/es\/#website","url":"https:\/\/cambridge.edu.co\/es\/","name":"New Cambridge School | Colegios Redcol","description":"New Cambridge School es un colegio biling\u00fce de alta excelencia acad\u00e9mica, que abre sus puertas a ni\u00f1os desde los 8 meses de edad.","publisher":{"@id":"https:\/\/cambridge.edu.co\/es\/#organization"},"potentialAction":[{"@type":"SearchAction","target":{"@type":"EntryPoint","urlTemplate":"https:\/\/cambridge.edu.co\/es\/?s={search_term_string}"},"query-input":{"@type":"PropertyValueSpecification","valueRequired":true,"valueName":"search_term_string"}}],"inLanguage":"es"},{"@type":"Organization","@id":"https:\/\/cambridge.edu.co\/es\/#organization","name":"New Cambridge School | Colegios Redcol","url":"https:\/\/cambridge.edu.co\/es\/","logo":{"@type":"ImageObject","inLanguage":"es","@id":"https:\/\/cambridge.edu.co\/es\/#\/schema\/logo\/image\/","url":"https:\/\/cambridge.edu.co\/wp-content\/uploads\/sites\/31\/2024\/11\/Logo_New_Cambridge.png","contentUrl":"https:\/\/cambridge.edu.co\/wp-content\/uploads\/sites\/31\/2024\/11\/Logo_New_Cambridge.png","width":744,"height":389,"caption":"New Cambridge School | Colegios Redcol"},"image":{"@id":"https:\/\/cambridge.edu.co\/es\/#\/schema\/logo\/image\/"},"sameAs":["https:\/\/www.facebook.com\/colegionuevocambridgefloridablanca\/","https:\/\/instagram.com\/newcambridge","https:\/\/www.youtube.com\/c\/newcambridgeschool"]}]}},"jetpack_sharing_enabled":true,"_links":{"self":[{"href":"https:\/\/cambridge.edu.co\/es\/wp-json\/wp\/v2\/blog\/563","targetHints":{"allow":["GET"]}}],"collection":[{"href":"https:\/\/cambridge.edu.co\/es\/wp-json\/wp\/v2\/blog"}],"about":[{"href":"https:\/\/cambridge.edu.co\/es\/wp-json\/wp\/v2\/types\/blog"}],"version-history":[{"count":0,"href":"https:\/\/cambridge.edu.co\/es\/wp-json\/wp\/v2\/blog\/563\/revisions"}],"wp:featuredmedia":[{"embeddable":true,"href":"https:\/\/cambridge.edu.co\/es\/wp-json\/wp\/v2\/media\/577"}],"wp:attachment":[{"href":"https:\/\/cambridge.edu.co\/es\/wp-json\/wp\/v2\/media?parent=563"}],"curies":[{"name":"wp","href":"https:\/\/api.w.org\/{rel}","templated":true}]}}