{"id":406,"date":"2024-05-15T20:24:18","date_gmt":"2024-05-15T20:24:18","guid":{"rendered":"https:\/\/qrealo.cl\/cambridge\/index.php\/2024\/05\/15\/estudiantes-cambridge-se-preparan-para-la-internacionalizacion-de-su-gestion-ambiental\/"},"modified":"2024-05-15T20:24:18","modified_gmt":"2024-05-15T20:24:18","slug":"estudiantes-cambridge-se-preparan-para-la-internacionalizacion-de-su-gestion-ambiental","status":"publish","type":"school-news","link":"https:\/\/cambridge.edu.co\/es\/school-news\/estudiantes-cambridge-se-preparan-para-la-internacionalizacion-de-su-gestion-ambiental\/","title":{"rendered":"Estudiantes Cambridge se preparan para la internacionalizaci\u00f3n de su gesti\u00f3n ambiental"},"content":{"rendered":"<p><span id=\"hs_cos_wrapper_post_body\" class=\"hs_cos_wrapper hs_cos_wrapper_meta_field hs_cos_wrapper_type_rich_text\" data-hs-cos-general-type=\"meta_field\" data-hs-cos-type=\"rich_text\"><\/p>\n<p style=\"text-align: justify;font-size: 12px\"><em>Durante a\u00f1os, la comunidad de <strong>New Cambridge School<\/strong> se ha caracterizado por buscar desde las aulas soluciones sostenibles para la comunidad en materia ambiental. Hoy el colegio inicia el proceso de certificaci\u00f3n con el <a href=\"https:\/\/www.ecoschools.global\/\" rel=\"noopener\"><strong>sello internacional Eco-School<\/strong><\/a>, para ratificar su trabajo dedicado en preservaci\u00f3n ambiental, que desde la educaci\u00f3n ha venido promoviendo New Cambridge en cada una de sus generaciones.<\/em><\/p>\n<p> <!--more--> <\/p>\n<p style=\"text-align: justify;font-size: 14px\">El compromiso con la sostenibilidad y el ambiente no es nuevo en <strong>New Cambridge School.<\/strong> Algunas de las iniciativas m\u00e1s destacadas durante la \u00faltima d\u00e9cada son:&nbsp;<\/p>\n<p style=\"text-align: justify\">&nbsp;<\/p>\n<p style=\"text-align: justify\"><span style=\"font-size: 11pt\"><img decoding=\"async\" src=\"https:\/\/cambridge.edu.co\/wp-content\/uploads\/sites\/31\/2025\/01\/INFOGRAFIA-PROYECTOS-AMBIENTALES-4.jpg\" alt=\"INFOGRAFI\u0301A-PROYECTOS-AMBIENTALES\" width=\"1920\" style=\"width: 1920px\"><\/span><\/p>\n<p style=\"text-align: justify\">&nbsp;<\/p>\n<p><strong><img decoding=\"async\" src=\"https:\/\/cambridge.edu.co\/wp-content\/uploads\/sites\/31\/2025\/01\/5-2-Apr-25-2024-04-03-25-2403-PM.png\" alt=\"5-2\" width=\"100\" style=\"width: 100px;float: left;margin: 0px 10px 10px 0px\">Parque La Pera: Primer parque incluyente del pa\u00eds.<\/strong><\/p>\n<p style=\"text-align: justify\">El Parque La Pera en Ca\u00f1averal es el proyecto insignia de la gesti\u00f3n socioambiental de los estudiantes, maestros y padres de familia de la comunidad Cambridge, con el apoyo de la Junta de Acci\u00f3n Comunal de Ca\u00f1averal, Secretar\u00edas de Infraestructura y los gobiernos municipales y departamentales. En el proyecto se integran los aprendizajes ambientales, culturales, sociales, de inclusi\u00f3n, de emprendimiento y de gesti\u00f3n que caracterizan a ni\u00f1os y j\u00f3venes. Desde hace diez a\u00f1os la propuesta educativa Cambridge ha motivado diversas acciones para proteger este espacio verde, recuper\u00e1ndolo del abandono y llegando incluso a tocar las puertas de la Alcald\u00eda, la Gobernaci\u00f3n y el Senado de la Rep\u00fablica, para la consecuci\u00f3n de recursos y lograr que la regi\u00f3n tenga el primer parque incluyente del pa\u00eds, en el que la comunidad en general y ni\u00f1os con discapacidad f\u00edsica podr\u00e1n disfrutar este espacio.<\/p>\n<p style=\"text-align: justify\">&nbsp;<\/p>\n<p><strong><img decoding=\"async\" src=\"https:\/\/cambridge.edu.co\/wp-content\/uploads\/sites\/31\/2025\/01\/3-2.png\" alt=\"3 (2)\" width=\"100\" style=\"width: 100px;float: left;margin: 0px 10px 10px 0px\">Green Teen Summit, una fuerza ambiental de la juventud creada en Santander<\/strong><\/p>\n<p style=\"text-align: justify\">Esta idea surgio\u0301 como una iniciativa de los j\u00f3venes de bachillerato y apoyada por el colegio. La principal motivacio\u0301n que impulso\u0301 la creacio\u0301n de <a href=\"https:\/\/www.instagram.com\/greenteensummit_cnc\/?hl=es-la\" rel=\"noopener\">Green Teen Summit<\/a> fue contar con un espacio en el que se investigue sobre problema\u0301ticas ambientales y sus posibles soluciones en el departamento de Santander. Hoy es un evento de alcance nacional con importantes invitados del \u00e1mbito gubernamental, cient\u00edfico, investigativo y period\u00edstico, generando en los estudiantes una visi\u00f3n real de los problemas de sostenibilidad para analizar diferentes perspectivas y proponer soluciones.&nbsp;<\/p>\n<p style=\"text-align: justify\">&nbsp;<\/p>\n<p><strong><img decoding=\"async\" src=\"https:\/\/cambridge.edu.co\/wp-content\/uploads\/sites\/31\/2025\/01\/7-1-1.png\" alt=\"7-1\" width=\"100\" style=\"width: 100px;float: left;margin: 0px 10px 10px 0px\">Recuperaci\u00f3n de parques de la comunidad<\/strong><\/p>\n<p style=\"text-align: justify\">La gesti\u00f3n ambiental que lideran los estudiantes y maestros, incluye los parques de la ciudad como espacios que guardan el legado de la comunidad, que representan el h\u00e1bitat de diversas especies y oxigenan las \u00e1reas cada vez m\u00e1s pobladas. Es por esto que a\u00f1o a a\u00f1o desde el colegio se eval\u00faa qu\u00e9 parques de la ciudad merecen ser adoptados para intervenirlos de manera responsable y lograr proyectos tan memorables como lo conseguido con el Parque La Pera. Recientemente los parques Villas de San Francisco en Bucaramanga y Las Llaves en Floridablanca han sido vinculados a los proyectos de nuestra comunidad.<\/p>\n<p style=\"text-align: justify\">&nbsp;<\/p>\n<p><strong><img decoding=\"async\" src=\"https:\/\/cambridge.edu.co\/wp-content\/uploads\/sites\/31\/2025\/01\/1-3-2.png\" alt=\"1 (3)\" width=\"100\" style=\"width: 100px;float: left;margin: 0px 10px 10px 0px\">Tapas para Sanar<\/strong><\/p>\n<p style=\"text-align: justify\">El programa de recolecci\u00f3n de tapas integra activamente dos prop\u00f3sitos: El reciclaje de pl\u00e1stico para transformar responsablemente estos residuos y el apoyo social a los ni\u00f1os de recursos limitados que padecen c\u00e1ncer.<\/p>\n<p style=\"text-align: justify\">&nbsp;<\/p>\n<p><strong><img decoding=\"async\" src=\"https:\/\/cambridge.edu.co\/wp-content\/uploads\/sites\/31\/2025\/01\/2-2-1.png\" alt=\"2 (2)\" width=\"80\" style=\"width: 80px;float: left;margin: 0px 10px 10px 0px\">Grulac Junior, la uni\u00f3n de muchas fuerzas<\/strong><\/p>\n<p style=\"text-align: justify\">Buscar soluciones ambientales responsables requiere inspiraci\u00f3n y rodearse de los mejores en el tema. Es por esto que desde hace cinco a\u00f1os los estudiantes de New Cambridge participan activamente en Bogot\u00e1 en Grulac Junior, entidad inscrita en Naciones Unidas para el debate sobre sostenibilidad. En este encuentro anual los estudiantes Cambridge exponen sus propuestas, revisan los proyectos de otros estudiantes del pa\u00eds y se informan sobre tendencias ambientales en el mundo para crear proyectos sostenibles para su regi\u00f3n.<\/p>\n<p style=\"text-align: justify\">&nbsp;<\/p>\n<p><strong><img decoding=\"async\" src=\"https:\/\/cambridge.edu.co\/wp-content\/uploads\/sites\/31\/2025\/01\/8-Apr-25-2024-04-03-10-0147-PM.png\" alt=\"8\" width=\"60\" style=\"width: 60px;float: left;margin: 0px 10px 10px 0px\">Botellitas de amor para seguir construyendo sosteniblemente<\/strong><\/p>\n<p style=\"text-align: justify\">El nuevo proyecto 2020 se da gracias a la alianza entre el colegio y la Fundaci\u00f3n Llena una Botellita de Amor. El prop\u00f3sito de esta iniciativa es reciclar botellas, llenarlas de pl\u00e1stico y convertirlas en madera pl\u00e1stica para la construcci\u00f3n de parques y casas para las comunidades que m\u00e1s lo necesitan. De esta manera, New Cambridge School contin\u00faa su labor de sensibilizaci\u00f3n y divulgaci\u00f3n para el correcto uso de los recursos, la sostenibilidad de los materiales en el entorno y la inclusi\u00f3n de poblaciones vulnerables.&nbsp;<\/p>\n<p style=\"text-align: justify\">&nbsp;<\/p>\n<p style=\"text-align: center;font-size: 18px\"><strong>Soluciones ambientales Cambridge pr\u00f3ximamente con sello internacional<\/strong><\/p>\n<p style=\"text-align: center;font-size: 18px\"><strong><img decoding=\"async\" src=\"https:\/\/cambridge.edu.co\/wp-content\/uploads\/sites\/31\/2025\/01\/4-2-Apr-25-2024-04-08-04-0069-PM.png\" alt=\"4-2\" width=\"150\" style=\"width: 150px\"><\/strong><\/p>\n<p style=\"text-align: justify\">Gracias a la trayectoria ambiental de New Cambridge School, el colegio ahora inicia el proceso de certificaci\u00f3n con el sello internacional Eco-School, el cual se integrar\u00eda a la labor sostenible que el colegio ha realizado por a\u00f1os, fomentando la educaci\u00f3n ambiental y promoviendo proyectos sostenibles para la comunidad. El sello Eco-School proviene de un programa internacional de la <strong>Fundaci\u00f3n para la Educaci\u00f3n Ambiental con sede en Dinamarca<\/strong>, permiti\u00e9ndole al colegio fortalecer su enfoque sostenible y seguir formando ciudadanos sensibles en el presente para cuidar el futuro.<\/p>\n<p style=\"text-align: justify\">&nbsp;<\/p>\n<p style=\"text-align: justify\">La labor de New Cambridge School seguir\u00e1 teniendo como premisa la b\u00fasqueda de soluciones en el presente sin poner en riesgo las necesidades de las pr\u00f3ximas generaciones. Los estudiantes junto a sus profesores han liderado a lo largo de los a\u00f1os algunas de las iniciativas ambientales m\u00e1s importantes de la regi\u00f3n, logrando trascender al plano nacional y alcanzando est\u00e1ndares internacionales ahora con el nuevo camino a obtener el sello Eco-School.<\/p>\n<p><\/span><\/p>\n","protected":false},"excerpt":{"rendered":"<p>Durante a\u00f1os, la comunidad de New Cambridge se ha caracterizado por buscar desde las aulas soluciones sostenibles para la comunidad en materia ambiental.<\/p>\n","protected":false},"featured_media":456,"template":"","class_list":["post-406","school-news","type-school-news","status-publish","has-post-thumbnail","hentry"],"acf":[],"yoast_head":"<!-- This site is optimized with the Yoast SEO plugin v27.1.1 - https:\/\/yoast.com\/product\/yoast-seo-wordpress\/ -->\n<title>Estudiantes Cambridge se preparan para la internacionalizaci\u00f3n de su gesti\u00f3n ambiental - New Cambridge School | Colegios Redcol<\/title>\n<meta name=\"robots\" content=\"index, follow, max-snippet:-1, max-image-preview:large, max-video-preview:-1\" \/>\n<link rel=\"canonical\" href=\"https:\/\/cambridge.edu.co\/es\/school-news\/estudiantes-cambridge-se-preparan-para-la-internacionalizacion-de-su-gestion-ambiental\/\" \/>\n<meta property=\"og:locale\" content=\"es_ES\" \/>\n<meta property=\"og:type\" content=\"article\" \/>\n<meta property=\"og:title\" content=\"Estudiantes Cambridge se preparan para la internacionalizaci\u00f3n de su gesti\u00f3n ambiental - New Cambridge School | Colegios Redcol\" \/>\n<meta property=\"og:description\" content=\"Durante a\u00f1os, la comunidad de New Cambridge se ha caracterizado por buscar desde las aulas soluciones sostenibles para la comunidad en materia ambiental.\" \/>\n<meta property=\"og:url\" content=\"https:\/\/cambridge.edu.co\/es\/school-news\/estudiantes-cambridge-se-preparan-para-la-internacionalizacion-de-su-gestion-ambiental\/\" \/>\n<meta property=\"og:site_name\" content=\"New Cambridge School | Colegios Redcol\" \/>\n<meta property=\"article:publisher\" content=\"https:\/\/www.facebook.com\/colegionuevocambridgefloridablanca\/\" \/>\n<meta property=\"og:image\" content=\"https:\/\/cambridge.edu.co\/wp-content\/uploads\/sites\/31\/2025\/01\/INFOGRAFIA-PROYECTOS-AMBIENTALES-4.jpg\" \/>\n<meta name=\"twitter:card\" content=\"summary_large_image\" \/>\n<meta name=\"twitter:label1\" content=\"Tiempo de lectura\" \/>\n\t<meta name=\"twitter:data1\" content=\"4 minutos\" \/>\n<script type=\"application\/ld+json\" class=\"yoast-schema-graph\">{\"@context\":\"https:\/\/schema.org\",\"@graph\":[{\"@type\":\"WebPage\",\"@id\":\"https:\/\/cambridge.edu.co\/es\/school-news\/estudiantes-cambridge-se-preparan-para-la-internacionalizacion-de-su-gestion-ambiental\/\",\"url\":\"https:\/\/cambridge.edu.co\/es\/school-news\/estudiantes-cambridge-se-preparan-para-la-internacionalizacion-de-su-gestion-ambiental\/\",\"name\":\"Estudiantes Cambridge se preparan para la internacionalizaci\u00f3n de su gesti\u00f3n ambiental - New Cambridge School | Colegios Redcol\",\"isPartOf\":{\"@id\":\"https:\/\/cambridge.edu.co\/es\/#website\"},\"primaryImageOfPage\":{\"@id\":\"https:\/\/cambridge.edu.co\/es\/school-news\/estudiantes-cambridge-se-preparan-para-la-internacionalizacion-de-su-gestion-ambiental\/#primaryimage\"},\"image\":{\"@id\":\"https:\/\/cambridge.edu.co\/es\/school-news\/estudiantes-cambridge-se-preparan-para-la-internacionalizacion-de-su-gestion-ambiental\/#primaryimage\"},\"thumbnailUrl\":\"https:\/\/cambridge.edu.co\/wp-content\/uploads\/sites\/31\/2025\/01\/MG_1196-scaled-1.jpg\",\"datePublished\":\"2024-05-15T20:24:18+00:00\",\"breadcrumb\":{\"@id\":\"https:\/\/cambridge.edu.co\/es\/school-news\/estudiantes-cambridge-se-preparan-para-la-internacionalizacion-de-su-gestion-ambiental\/#breadcrumb\"},\"inLanguage\":\"es\",\"potentialAction\":[{\"@type\":\"ReadAction\",\"target\":[\"https:\/\/cambridge.edu.co\/es\/school-news\/estudiantes-cambridge-se-preparan-para-la-internacionalizacion-de-su-gestion-ambiental\/\"]}]},{\"@type\":\"ImageObject\",\"inLanguage\":\"es\",\"@id\":\"https:\/\/cambridge.edu.co\/es\/school-news\/estudiantes-cambridge-se-preparan-para-la-internacionalizacion-de-su-gestion-ambiental\/#primaryimage\",\"url\":\"https:\/\/cambridge.edu.co\/wp-content\/uploads\/sites\/31\/2025\/01\/MG_1196-scaled-1.jpg\",\"contentUrl\":\"https:\/\/cambridge.edu.co\/wp-content\/uploads\/sites\/31\/2025\/01\/MG_1196-scaled-1.jpg\",\"width\":2560,\"height\":1707},{\"@type\":\"BreadcrumbList\",\"@id\":\"https:\/\/cambridge.edu.co\/es\/school-news\/estudiantes-cambridge-se-preparan-para-la-internacionalizacion-de-su-gestion-ambiental\/#breadcrumb\",\"itemListElement\":[{\"@type\":\"ListItem\",\"position\":1,\"name\":\"Home\",\"item\":\"https:\/\/cambridge.edu.co\/es\/\"},{\"@type\":\"ListItem\",\"position\":2,\"name\":\"Estudiantes Cambridge se preparan para la internacionalizaci\u00f3n de su gesti\u00f3n ambiental\"}]},{\"@type\":\"WebSite\",\"@id\":\"https:\/\/cambridge.edu.co\/es\/#website\",\"url\":\"https:\/\/cambridge.edu.co\/es\/\",\"name\":\"New Cambridge School | Colegios Redcol\",\"description\":\"New Cambridge School es un colegio biling\u00fce de alta excelencia acad\u00e9mica, que abre sus puertas a ni\u00f1os desde los 8 meses de edad.\",\"publisher\":{\"@id\":\"https:\/\/cambridge.edu.co\/es\/#organization\"},\"potentialAction\":[{\"@type\":\"SearchAction\",\"target\":{\"@type\":\"EntryPoint\",\"urlTemplate\":\"https:\/\/cambridge.edu.co\/es\/?s={search_term_string}\"},\"query-input\":{\"@type\":\"PropertyValueSpecification\",\"valueRequired\":true,\"valueName\":\"search_term_string\"}}],\"inLanguage\":\"es\"},{\"@type\":\"Organization\",\"@id\":\"https:\/\/cambridge.edu.co\/es\/#organization\",\"name\":\"New Cambridge School | Colegios Redcol\",\"url\":\"https:\/\/cambridge.edu.co\/es\/\",\"logo\":{\"@type\":\"ImageObject\",\"inLanguage\":\"es\",\"@id\":\"https:\/\/cambridge.edu.co\/es\/#\/schema\/logo\/image\/\",\"url\":\"https:\/\/cambridge.edu.co\/wp-content\/uploads\/sites\/31\/2024\/11\/Logo_New_Cambridge.png\",\"contentUrl\":\"https:\/\/cambridge.edu.co\/wp-content\/uploads\/sites\/31\/2024\/11\/Logo_New_Cambridge.png\",\"width\":744,\"height\":389,\"caption\":\"New Cambridge School | Colegios Redcol\"},\"image\":{\"@id\":\"https:\/\/cambridge.edu.co\/es\/#\/schema\/logo\/image\/\"},\"sameAs\":[\"https:\/\/www.facebook.com\/colegionuevocambridgefloridablanca\/\",\"https:\/\/instagram.com\/newcambridge\",\"https:\/\/www.youtube.com\/c\/newcambridgeschool\"]}]}<\/script>\n<!-- \/ Yoast SEO plugin. -->","yoast_head_json":{"title":"Estudiantes Cambridge se preparan para la internacionalizaci\u00f3n de su gesti\u00f3n ambiental - New Cambridge School | Colegios Redcol","robots":{"index":"index","follow":"follow","max-snippet":"max-snippet:-1","max-image-preview":"max-image-preview:large","max-video-preview":"max-video-preview:-1"},"canonical":"https:\/\/cambridge.edu.co\/es\/school-news\/estudiantes-cambridge-se-preparan-para-la-internacionalizacion-de-su-gestion-ambiental\/","og_locale":"es_ES","og_type":"article","og_title":"Estudiantes Cambridge se preparan para la internacionalizaci\u00f3n de su gesti\u00f3n ambiental - New Cambridge School | Colegios Redcol","og_description":"Durante a\u00f1os, la comunidad de New Cambridge se ha caracterizado por buscar desde las aulas soluciones sostenibles para la comunidad en materia ambiental.","og_url":"https:\/\/cambridge.edu.co\/es\/school-news\/estudiantes-cambridge-se-preparan-para-la-internacionalizacion-de-su-gestion-ambiental\/","og_site_name":"New Cambridge School | Colegios Redcol","article_publisher":"https:\/\/www.facebook.com\/colegionuevocambridgefloridablanca\/","og_image":[{"url":"https:\/\/cambridge.edu.co\/wp-content\/uploads\/sites\/31\/2025\/01\/INFOGRAFIA-PROYECTOS-AMBIENTALES-4.jpg","type":"","width":"","height":""}],"twitter_card":"summary_large_image","twitter_misc":{"Tiempo de lectura":"4 minutos"},"schema":{"@context":"https:\/\/schema.org","@graph":[{"@type":"WebPage","@id":"https:\/\/cambridge.edu.co\/es\/school-news\/estudiantes-cambridge-se-preparan-para-la-internacionalizacion-de-su-gestion-ambiental\/","url":"https:\/\/cambridge.edu.co\/es\/school-news\/estudiantes-cambridge-se-preparan-para-la-internacionalizacion-de-su-gestion-ambiental\/","name":"Estudiantes Cambridge se preparan para la internacionalizaci\u00f3n de su gesti\u00f3n ambiental - New Cambridge School | Colegios Redcol","isPartOf":{"@id":"https:\/\/cambridge.edu.co\/es\/#website"},"primaryImageOfPage":{"@id":"https:\/\/cambridge.edu.co\/es\/school-news\/estudiantes-cambridge-se-preparan-para-la-internacionalizacion-de-su-gestion-ambiental\/#primaryimage"},"image":{"@id":"https:\/\/cambridge.edu.co\/es\/school-news\/estudiantes-cambridge-se-preparan-para-la-internacionalizacion-de-su-gestion-ambiental\/#primaryimage"},"thumbnailUrl":"https:\/\/cambridge.edu.co\/wp-content\/uploads\/sites\/31\/2025\/01\/MG_1196-scaled-1.jpg","datePublished":"2024-05-15T20:24:18+00:00","breadcrumb":{"@id":"https:\/\/cambridge.edu.co\/es\/school-news\/estudiantes-cambridge-se-preparan-para-la-internacionalizacion-de-su-gestion-ambiental\/#breadcrumb"},"inLanguage":"es","potentialAction":[{"@type":"ReadAction","target":["https:\/\/cambridge.edu.co\/es\/school-news\/estudiantes-cambridge-se-preparan-para-la-internacionalizacion-de-su-gestion-ambiental\/"]}]},{"@type":"ImageObject","inLanguage":"es","@id":"https:\/\/cambridge.edu.co\/es\/school-news\/estudiantes-cambridge-se-preparan-para-la-internacionalizacion-de-su-gestion-ambiental\/#primaryimage","url":"https:\/\/cambridge.edu.co\/wp-content\/uploads\/sites\/31\/2025\/01\/MG_1196-scaled-1.jpg","contentUrl":"https:\/\/cambridge.edu.co\/wp-content\/uploads\/sites\/31\/2025\/01\/MG_1196-scaled-1.jpg","width":2560,"height":1707},{"@type":"BreadcrumbList","@id":"https:\/\/cambridge.edu.co\/es\/school-news\/estudiantes-cambridge-se-preparan-para-la-internacionalizacion-de-su-gestion-ambiental\/#breadcrumb","itemListElement":[{"@type":"ListItem","position":1,"name":"Home","item":"https:\/\/cambridge.edu.co\/es\/"},{"@type":"ListItem","position":2,"name":"Estudiantes Cambridge se preparan para la internacionalizaci\u00f3n de su gesti\u00f3n ambiental"}]},{"@type":"WebSite","@id":"https:\/\/cambridge.edu.co\/es\/#website","url":"https:\/\/cambridge.edu.co\/es\/","name":"New Cambridge School | Colegios Redcol","description":"New Cambridge School es un colegio biling\u00fce de alta excelencia acad\u00e9mica, que abre sus puertas a ni\u00f1os desde los 8 meses de edad.","publisher":{"@id":"https:\/\/cambridge.edu.co\/es\/#organization"},"potentialAction":[{"@type":"SearchAction","target":{"@type":"EntryPoint","urlTemplate":"https:\/\/cambridge.edu.co\/es\/?s={search_term_string}"},"query-input":{"@type":"PropertyValueSpecification","valueRequired":true,"valueName":"search_term_string"}}],"inLanguage":"es"},{"@type":"Organization","@id":"https:\/\/cambridge.edu.co\/es\/#organization","name":"New Cambridge School | Colegios Redcol","url":"https:\/\/cambridge.edu.co\/es\/","logo":{"@type":"ImageObject","inLanguage":"es","@id":"https:\/\/cambridge.edu.co\/es\/#\/schema\/logo\/image\/","url":"https:\/\/cambridge.edu.co\/wp-content\/uploads\/sites\/31\/2024\/11\/Logo_New_Cambridge.png","contentUrl":"https:\/\/cambridge.edu.co\/wp-content\/uploads\/sites\/31\/2024\/11\/Logo_New_Cambridge.png","width":744,"height":389,"caption":"New Cambridge School | Colegios Redcol"},"image":{"@id":"https:\/\/cambridge.edu.co\/es\/#\/schema\/logo\/image\/"},"sameAs":["https:\/\/www.facebook.com\/colegionuevocambridgefloridablanca\/","https:\/\/instagram.com\/newcambridge","https:\/\/www.youtube.com\/c\/newcambridgeschool"]}]}},"jetpack_sharing_enabled":true,"_links":{"self":[{"href":"https:\/\/cambridge.edu.co\/es\/wp-json\/wp\/v2\/school-news\/406","targetHints":{"allow":["GET"]}}],"collection":[{"href":"https:\/\/cambridge.edu.co\/es\/wp-json\/wp\/v2\/school-news"}],"about":[{"href":"https:\/\/cambridge.edu.co\/es\/wp-json\/wp\/v2\/types\/school-news"}],"version-history":[{"count":0,"href":"https:\/\/cambridge.edu.co\/es\/wp-json\/wp\/v2\/school-news\/406\/revisions"}],"wp:featuredmedia":[{"embeddable":true,"href":"https:\/\/cambridge.edu.co\/es\/wp-json\/wp\/v2\/media\/456"}],"wp:attachment":[{"href":"https:\/\/cambridge.edu.co\/es\/wp-json\/wp\/v2\/media?parent=406"}],"curies":[{"name":"wp","href":"https:\/\/api.w.org\/{rel}","templated":true}]}}