{"id":820,"date":"2024-04-25T17:02:19","date_gmt":"2024-04-25T17:02:19","guid":{"rendered":"https:\/\/qrealo.cl\/cambridge\/?p=820"},"modified":"2024-04-25T17:02:19","modified_gmt":"2024-04-25T17:02:19","slug":"colombia-es-finalista-en-concurso-internacional-de-docentes","status":"publish","type":"school-news","link":"https:\/\/cambridge.edu.co\/es\/school-news\/colombia-es-finalista-en-concurso-internacional-de-docentes\/","title":{"rendered":"Colombia es finalista en concurso internacional de docentes"},"content":{"rendered":"<p style=\"text-align: justify;line-height: 1\"><img decoding=\"async\" src=\"https:\/\/cambridge.edu.co\/wp-content\/uploads\/sites\/31\/2025\/01\/MG_8448-5-scaled.jpg\" style=\"width: 4785px;margin: 0px 0px 10px\" alt=\"Colegio-Nuevo-Cambridge\" width=\"4785\"><\/p>\n<div class=\"page\" title=\"Page 1\" style=\"font-size: 12.000000pt;font-family: 'Aller';font-weight: 300\">\n<div class=\"section\">\n<div class=\"layoutArea\">\n<div class=\"column\">\n<p style=\"text-align: justify;line-height: 1.5\">&nbsp;<span style=\"font-size: 12.000000pt;font-family: 'Aller';font-weight: 300\">Ayude a sus ni\u00f1os a pensar antes de actuar. Las funciones ejecutivas son destrezas que ayudan&nbsp; a que los ni\u00f1os en edades entre los 3 y los 5 a\u00f1os puedan desarrollar: <\/span><\/p>\n<div class=\"page\" title=\"Page 1\" style=\"line-height: 1.5\">\n<div class=\"section\">\n<div class=\"layoutArea\">\n<div class=\"column\">\n<p style=\"text-align: justify;line-height: 1.15\"><span style=\"font-size: 12.000000pt;font-family: 'Aller';font-weight: bold\">Autocontrol: <\/span><span style=\"font-size: 12pt;font-family: 'Aller';color: #58595b\">S<\/span><span style=\"font-size: 12.000000pt;font-family: 'Aller';font-weight: 300\">er capaz de resistirse a tentaciones.<\/span><\/p>\n<p style=\"text-align: justify;line-height: 1.15\"><span style=\"font-size: 12.000000pt;font-family: 'Aller';font-weight: bold\">Memoria de trabajo: <\/span><span style=\"font-size: 12pt;font-family: 'Aller';color: #58595b\">S<\/span><span style=\"font-size: 12.000000pt;font-family: 'Aller';font-weight: 300\">er capaz de guardar informaci\u00f3n en mente para que se pueda usar m\u00e1s tarde. <\/span><\/p>\n<p style=\"text-align: justify;line-height: 1.15\"><span style=\"font-size: 12.000000pt;font-family: 'Aller';font-weight: bold\">Flexibilidad cognitiva: <\/span><span style=\"font-size: 12pt;font-family: 'Aller';color: #58595b\">S<\/span><span style=\"font-size: 12.000000pt;font-family: 'Aller';font-weight: 300\">er capaz de pensar de manera creativa y de adaptarse a nuevas situaciones. <\/span><\/p>\n<p style=\"text-align: justify;line-height: 1.15\">&nbsp;<\/p>\n<\/div>\n<\/div>\n<\/div>\n<\/div>\n<div class=\"page\" title=\"Page 2\">\n<div class=\"layoutArea\">\n<div class=\"column\"><!--more--><\/p>\n<p style=\"text-align: justify;line-height: 1.25\"><span style=\"font-size: 12.000000pt;font-family: 'Aller';font-weight: 300\">En conjunto, las funciones ejecutivas le permiten a su hijo planear, razonar, prestar atenci\u00f3n y realizar m\u00faltiples tareas. \u00c9l necesita ser capaz de realizar estas actividades para tener \u00e9xito en la escuela y en la vida. Estas destrezas son importantes porque ayudan a desarrollar otras habilidades. Por ejemplo, \u00e9stas pueden ayudar a su hijo a comprender c\u00f3mo las otras personas pueden estar sinti\u00e9ndose o pensando, o c\u00f3mo aprender una nueva destreza como la matem\u00e1tica o la lectura. <\/span><\/p>\n<p style=\"text-align: justify;line-height: 1.25\">&nbsp;<\/p>\n<div class=\"page\" title=\"Page 2\">\n<div class=\"layoutArea\">\n<div class=\"column\">\n<p style=\"text-align: justify;line-height: 1.25\"><span style=\"font-size: 12.000000pt;font-family: 'Aller';font-weight: 300\">Los ni\u00f1os con buenas funciones ejecutivas tienen destrezas emocionales, sociales y morales m\u00e1s fuertes y tienden a ser m\u00e1s sanos m\u00e1s adelante en la vida. El desarrollo de las funciones ejecutivas requiere muchos a\u00f1os. Sin embargo, <strong>hay dos \u00e9pocas en la vida cuando se desarrollan r\u00e1pidamente:<\/strong> durante los a\u00f1os preescolares y durante los a\u00f1os de la adolescencia. <\/span><\/p>\n<p style=\"text-align: justify;line-height: 1.25\">&nbsp;<\/p>\n<div class=\"page\" title=\"Page 2\">\n<div class=\"layoutArea\">\n<div class=\"column\">\n<p style=\"text-align: justify;line-height: 1.25\"><span style=\"font-size: 12.000000pt;font-family: 'Aller';font-weight: 300\">Usted puede ayudar a su hijo a mejorar sus funciones ejecutivas desde los 4 a 5 a\u00f1os mediante ejercicios o juegos diarios sencillos. Por ejemplo, puede ayudarlo a aprender c\u00f3mo efectuar tareas sencillas antes de disfrutar las recompensas, c\u00f3mo dividir problemas grandes y dif\u00edciles en problemas m\u00e1s peque\u00f1os y f\u00e1ciles, y aprender a desenvolverse frente a tareas dif\u00edciles, aprender una segunda lengua o&nbsp; tocar un instrumento musical tambi\u00e9n puede ayudar a su hijo a desarrollar sus destrezas de funciones ejecutivas. <\/span><\/p>\n<\/div>\n<\/div>\n<\/div>\n<\/div>\n<\/div>\n<\/div>\n<\/div>\n<\/div>\n<\/div>\n<\/div>\n<\/div>\n<\/div>\n<\/div>\n<p style=\"text-align: justify;line-height: 1.5\">{{cta(&#8216;be184980-af0f-4df5-a4b1-426eb5b013c5&#8242;,&#8217;justifycenter&#8217;)}}<\/p>\n","protected":false},"excerpt":{"rendered":"<p>&nbsp;Ayude a sus ni\u00f1os a pensar antes de actuar. Las funciones ejecutivas son destrezas que ayudan&nbsp; a que los ni\u00f1os en edades entre los 3 y los 5 a\u00f1os puedan [&hellip;]<\/p>\n","protected":false},"featured_media":821,"template":"","class_list":["post-820","school-news","type-school-news","status-publish","has-post-thumbnail","hentry"],"acf":[],"yoast_head":"<!-- This site is optimized with the Yoast SEO plugin v27.1.1 - https:\/\/yoast.com\/product\/yoast-seo-wordpress\/ -->\n<title>Colombia es finalista en concurso internacional de docentes - New Cambridge School | Colegios Redcol<\/title>\n<meta name=\"robots\" content=\"index, follow, max-snippet:-1, max-image-preview:large, max-video-preview:-1\" \/>\n<link rel=\"canonical\" href=\"https:\/\/cambridge.edu.co\/es\/school-news\/colombia-es-finalista-en-concurso-internacional-de-docentes\/\" \/>\n<meta property=\"og:locale\" content=\"es_ES\" \/>\n<meta property=\"og:type\" content=\"article\" \/>\n<meta property=\"og:title\" content=\"Colombia es finalista en concurso internacional de docentes - New Cambridge School | Colegios Redcol\" \/>\n<meta property=\"og:description\" content=\"&nbsp;Ayude a sus ni\u00f1os a pensar antes de actuar. Las funciones ejecutivas son destrezas que ayudan&nbsp; a que los ni\u00f1os en edades entre los 3 y los 5 a\u00f1os puedan [&hellip;]\" \/>\n<meta property=\"og:url\" content=\"https:\/\/cambridge.edu.co\/es\/school-news\/colombia-es-finalista-en-concurso-internacional-de-docentes\/\" \/>\n<meta property=\"og:site_name\" content=\"New Cambridge School | Colegios Redcol\" \/>\n<meta property=\"article:publisher\" content=\"https:\/\/www.facebook.com\/colegionuevocambridgefloridablanca\/\" \/>\n<meta property=\"og:image\" content=\"https:\/\/cambridge.edu.co\/wp-content\/uploads\/sites\/31\/2025\/01\/MG_8448-5-scaled.jpg\" \/>\n<meta name=\"twitter:card\" content=\"summary_large_image\" \/>\n<meta name=\"twitter:label1\" content=\"Tiempo de lectura\" \/>\n\t<meta name=\"twitter:data1\" content=\"2 minutos\" \/>\n<script type=\"application\/ld+json\" class=\"yoast-schema-graph\">{\"@context\":\"https:\/\/schema.org\",\"@graph\":[{\"@type\":\"WebPage\",\"@id\":\"https:\/\/cambridge.edu.co\/es\/school-news\/colombia-es-finalista-en-concurso-internacional-de-docentes\/\",\"url\":\"https:\/\/cambridge.edu.co\/es\/school-news\/colombia-es-finalista-en-concurso-internacional-de-docentes\/\",\"name\":\"Colombia es finalista en concurso internacional de docentes - New Cambridge School | Colegios Redcol\",\"isPartOf\":{\"@id\":\"https:\/\/cambridge.edu.co\/es\/#website\"},\"primaryImageOfPage\":{\"@id\":\"https:\/\/cambridge.edu.co\/es\/school-news\/colombia-es-finalista-en-concurso-internacional-de-docentes\/#primaryimage\"},\"image\":{\"@id\":\"https:\/\/cambridge.edu.co\/es\/school-news\/colombia-es-finalista-en-concurso-internacional-de-docentes\/#primaryimage\"},\"thumbnailUrl\":\"https:\/\/cambridge.edu.co\/wp-content\/uploads\/sites\/31\/2025\/01\/MG_8448-5-scaled-1.jpg\",\"datePublished\":\"2024-04-25T17:02:19+00:00\",\"breadcrumb\":{\"@id\":\"https:\/\/cambridge.edu.co\/es\/school-news\/colombia-es-finalista-en-concurso-internacional-de-docentes\/#breadcrumb\"},\"inLanguage\":\"es\",\"potentialAction\":[{\"@type\":\"ReadAction\",\"target\":[\"https:\/\/cambridge.edu.co\/es\/school-news\/colombia-es-finalista-en-concurso-internacional-de-docentes\/\"]}]},{\"@type\":\"ImageObject\",\"inLanguage\":\"es\",\"@id\":\"https:\/\/cambridge.edu.co\/es\/school-news\/colombia-es-finalista-en-concurso-internacional-de-docentes\/#primaryimage\",\"url\":\"https:\/\/cambridge.edu.co\/wp-content\/uploads\/sites\/31\/2025\/01\/MG_8448-5-scaled-1.jpg\",\"contentUrl\":\"https:\/\/cambridge.edu.co\/wp-content\/uploads\/sites\/31\/2025\/01\/MG_8448-5-scaled-1.jpg\",\"width\":2560,\"height\":1707},{\"@type\":\"BreadcrumbList\",\"@id\":\"https:\/\/cambridge.edu.co\/es\/school-news\/colombia-es-finalista-en-concurso-internacional-de-docentes\/#breadcrumb\",\"itemListElement\":[{\"@type\":\"ListItem\",\"position\":1,\"name\":\"Home\",\"item\":\"https:\/\/cambridge.edu.co\/es\/\"},{\"@type\":\"ListItem\",\"position\":2,\"name\":\"Colombia es finalista en concurso internacional de docentes\"}]},{\"@type\":\"WebSite\",\"@id\":\"https:\/\/cambridge.edu.co\/es\/#website\",\"url\":\"https:\/\/cambridge.edu.co\/es\/\",\"name\":\"New Cambridge School | Colegios Redcol\",\"description\":\"New Cambridge School es un colegio biling\u00fce de alta excelencia acad\u00e9mica, que abre sus puertas a ni\u00f1os desde los 8 meses de edad.\",\"publisher\":{\"@id\":\"https:\/\/cambridge.edu.co\/es\/#organization\"},\"potentialAction\":[{\"@type\":\"SearchAction\",\"target\":{\"@type\":\"EntryPoint\",\"urlTemplate\":\"https:\/\/cambridge.edu.co\/es\/?s={search_term_string}\"},\"query-input\":{\"@type\":\"PropertyValueSpecification\",\"valueRequired\":true,\"valueName\":\"search_term_string\"}}],\"inLanguage\":\"es\"},{\"@type\":\"Organization\",\"@id\":\"https:\/\/cambridge.edu.co\/es\/#organization\",\"name\":\"New Cambridge School | Colegios Redcol\",\"url\":\"https:\/\/cambridge.edu.co\/es\/\",\"logo\":{\"@type\":\"ImageObject\",\"inLanguage\":\"es\",\"@id\":\"https:\/\/cambridge.edu.co\/es\/#\/schema\/logo\/image\/\",\"url\":\"https:\/\/cambridge.edu.co\/wp-content\/uploads\/sites\/31\/2024\/11\/Logo_New_Cambridge.png\",\"contentUrl\":\"https:\/\/cambridge.edu.co\/wp-content\/uploads\/sites\/31\/2024\/11\/Logo_New_Cambridge.png\",\"width\":744,\"height\":389,\"caption\":\"New Cambridge School | Colegios Redcol\"},\"image\":{\"@id\":\"https:\/\/cambridge.edu.co\/es\/#\/schema\/logo\/image\/\"},\"sameAs\":[\"https:\/\/www.facebook.com\/colegionuevocambridgefloridablanca\/\",\"https:\/\/instagram.com\/newcambridge\",\"https:\/\/www.youtube.com\/c\/newcambridgeschool\"]}]}<\/script>\n<!-- \/ Yoast SEO plugin. -->","yoast_head_json":{"title":"Colombia es finalista en concurso internacional de docentes - New Cambridge School | Colegios Redcol","robots":{"index":"index","follow":"follow","max-snippet":"max-snippet:-1","max-image-preview":"max-image-preview:large","max-video-preview":"max-video-preview:-1"},"canonical":"https:\/\/cambridge.edu.co\/es\/school-news\/colombia-es-finalista-en-concurso-internacional-de-docentes\/","og_locale":"es_ES","og_type":"article","og_title":"Colombia es finalista en concurso internacional de docentes - New Cambridge School | Colegios Redcol","og_description":"&nbsp;Ayude a sus ni\u00f1os a pensar antes de actuar. Las funciones ejecutivas son destrezas que ayudan&nbsp; a que los ni\u00f1os en edades entre los 3 y los 5 a\u00f1os puedan [&hellip;]","og_url":"https:\/\/cambridge.edu.co\/es\/school-news\/colombia-es-finalista-en-concurso-internacional-de-docentes\/","og_site_name":"New Cambridge School | Colegios Redcol","article_publisher":"https:\/\/www.facebook.com\/colegionuevocambridgefloridablanca\/","og_image":[{"url":"https:\/\/cambridge.edu.co\/wp-content\/uploads\/sites\/31\/2025\/01\/MG_8448-5-scaled.jpg","type":"","width":"","height":""}],"twitter_card":"summary_large_image","twitter_misc":{"Tiempo de lectura":"2 minutos"},"schema":{"@context":"https:\/\/schema.org","@graph":[{"@type":"WebPage","@id":"https:\/\/cambridge.edu.co\/es\/school-news\/colombia-es-finalista-en-concurso-internacional-de-docentes\/","url":"https:\/\/cambridge.edu.co\/es\/school-news\/colombia-es-finalista-en-concurso-internacional-de-docentes\/","name":"Colombia es finalista en concurso internacional de docentes - New Cambridge School | Colegios Redcol","isPartOf":{"@id":"https:\/\/cambridge.edu.co\/es\/#website"},"primaryImageOfPage":{"@id":"https:\/\/cambridge.edu.co\/es\/school-news\/colombia-es-finalista-en-concurso-internacional-de-docentes\/#primaryimage"},"image":{"@id":"https:\/\/cambridge.edu.co\/es\/school-news\/colombia-es-finalista-en-concurso-internacional-de-docentes\/#primaryimage"},"thumbnailUrl":"https:\/\/cambridge.edu.co\/wp-content\/uploads\/sites\/31\/2025\/01\/MG_8448-5-scaled-1.jpg","datePublished":"2024-04-25T17:02:19+00:00","breadcrumb":{"@id":"https:\/\/cambridge.edu.co\/es\/school-news\/colombia-es-finalista-en-concurso-internacional-de-docentes\/#breadcrumb"},"inLanguage":"es","potentialAction":[{"@type":"ReadAction","target":["https:\/\/cambridge.edu.co\/es\/school-news\/colombia-es-finalista-en-concurso-internacional-de-docentes\/"]}]},{"@type":"ImageObject","inLanguage":"es","@id":"https:\/\/cambridge.edu.co\/es\/school-news\/colombia-es-finalista-en-concurso-internacional-de-docentes\/#primaryimage","url":"https:\/\/cambridge.edu.co\/wp-content\/uploads\/sites\/31\/2025\/01\/MG_8448-5-scaled-1.jpg","contentUrl":"https:\/\/cambridge.edu.co\/wp-content\/uploads\/sites\/31\/2025\/01\/MG_8448-5-scaled-1.jpg","width":2560,"height":1707},{"@type":"BreadcrumbList","@id":"https:\/\/cambridge.edu.co\/es\/school-news\/colombia-es-finalista-en-concurso-internacional-de-docentes\/#breadcrumb","itemListElement":[{"@type":"ListItem","position":1,"name":"Home","item":"https:\/\/cambridge.edu.co\/es\/"},{"@type":"ListItem","position":2,"name":"Colombia es finalista en concurso internacional de docentes"}]},{"@type":"WebSite","@id":"https:\/\/cambridge.edu.co\/es\/#website","url":"https:\/\/cambridge.edu.co\/es\/","name":"New Cambridge School | Colegios Redcol","description":"New Cambridge School es un colegio biling\u00fce de alta excelencia acad\u00e9mica, que abre sus puertas a ni\u00f1os desde los 8 meses de edad.","publisher":{"@id":"https:\/\/cambridge.edu.co\/es\/#organization"},"potentialAction":[{"@type":"SearchAction","target":{"@type":"EntryPoint","urlTemplate":"https:\/\/cambridge.edu.co\/es\/?s={search_term_string}"},"query-input":{"@type":"PropertyValueSpecification","valueRequired":true,"valueName":"search_term_string"}}],"inLanguage":"es"},{"@type":"Organization","@id":"https:\/\/cambridge.edu.co\/es\/#organization","name":"New Cambridge School | Colegios Redcol","url":"https:\/\/cambridge.edu.co\/es\/","logo":{"@type":"ImageObject","inLanguage":"es","@id":"https:\/\/cambridge.edu.co\/es\/#\/schema\/logo\/image\/","url":"https:\/\/cambridge.edu.co\/wp-content\/uploads\/sites\/31\/2024\/11\/Logo_New_Cambridge.png","contentUrl":"https:\/\/cambridge.edu.co\/wp-content\/uploads\/sites\/31\/2024\/11\/Logo_New_Cambridge.png","width":744,"height":389,"caption":"New Cambridge School | Colegios Redcol"},"image":{"@id":"https:\/\/cambridge.edu.co\/es\/#\/schema\/logo\/image\/"},"sameAs":["https:\/\/www.facebook.com\/colegionuevocambridgefloridablanca\/","https:\/\/instagram.com\/newcambridge","https:\/\/www.youtube.com\/c\/newcambridgeschool"]}]}},"jetpack_sharing_enabled":true,"_links":{"self":[{"href":"https:\/\/cambridge.edu.co\/es\/wp-json\/wp\/v2\/school-news\/820","targetHints":{"allow":["GET"]}}],"collection":[{"href":"https:\/\/cambridge.edu.co\/es\/wp-json\/wp\/v2\/school-news"}],"about":[{"href":"https:\/\/cambridge.edu.co\/es\/wp-json\/wp\/v2\/types\/school-news"}],"version-history":[{"count":0,"href":"https:\/\/cambridge.edu.co\/es\/wp-json\/wp\/v2\/school-news\/820\/revisions"}],"wp:featuredmedia":[{"embeddable":true,"href":"https:\/\/cambridge.edu.co\/es\/wp-json\/wp\/v2\/media\/821"}],"wp:attachment":[{"href":"https:\/\/cambridge.edu.co\/es\/wp-json\/wp\/v2\/media?parent=820"}],"curies":[{"name":"wp","href":"https:\/\/api.w.org\/{rel}","templated":true}]}}